{"id":8264,"date":"2022-09-23T07:00:00","date_gmt":"2022-09-23T05:00:00","guid":{"rendered":"https:\/\/mediatrio.se\/?p=8264"},"modified":"2024-06-18T23:36:12","modified_gmt":"2024-06-18T21:36:12","slug":"skonero-kottbutik-en-valmaende-liten-obemannad-butik-pa-egna-ben-som-kan-leverera-bra-produkter-ar-malet","status":"publish","type":"post","link":"https:\/\/kunder.bulta.se\/mediatrio24\/skonero-kottbutik-en-valmaende-liten-obemannad-butik-pa-egna-ben-som-kan-leverera-bra-produkter-ar-malet\/","title":{"rendered":"Sk\u00f6nero K\u00f6ttbutik \u2013 \u201dEn v\u00e4lm\u00e5ende liten obemannad butik p\u00e5 egna ben som kan leverera bra produkter\u201d \u00e4r m\u00e5let."},"content":{"rendered":"<div class=\"media-innan-artikeltexten media-entity-placement\" id=\"media-636917890\"><div id=\"exempelannons\" class=\"exempelannons\" style=\"margin-left: auto;margin-right: auto;text-align: center;\"><a href=\"https:\/\/google.se\" aria-label=\"ad_placeholder\"><img loading=\"lazy\" decoding=\"async\" src=\"https:\/\/kunder.bulta.se\/mediatrio24\/wp-content\/uploads\/2024\/06\/ad_placeholder-e1725346111228.png\" alt=\"\"  srcset=\"https:\/\/kunder.bulta.se\/mediatrio24\/wp-content\/uploads\/2024\/06\/ad_placeholder-e1725346111228.png 1692w, https:\/\/kunder.bulta.se\/mediatrio24\/wp-content\/uploads\/2024\/06\/ad_placeholder-e1725346111228-300x133.png 300w, https:\/\/kunder.bulta.se\/mediatrio24\/wp-content\/uploads\/2024\/06\/ad_placeholder-e1725346111228-1024x455.png 1024w, https:\/\/kunder.bulta.se\/mediatrio24\/wp-content\/uploads\/2024\/06\/ad_placeholder-e1725346111228-768x341.png 768w, https:\/\/kunder.bulta.se\/mediatrio24\/wp-content\/uploads\/2024\/06\/ad_placeholder-e1725346111228-1536x683.png 1536w, https:\/\/kunder.bulta.se\/mediatrio24\/wp-content\/uploads\/2024\/06\/ad_placeholder-e1725346111228-1080x480.png 1080w\" sizes=\"(max-width: 1692px) 100vw, 1692px\" width=\"1692\" height=\"872\"  style=\"display: inline-block;\" \/><\/a><\/div><\/div>\n<p>Text och foto: Alfred EV<\/p>\n\n\n\n<p><strong>Namn:<\/strong>  John Furenb\u00e4ck och Martin Johansson<br><strong>V\u00e4xte upp i:<\/strong>  John i Valdemarsvik och Martin i Stockholm<br><strong>Bor nu i:<\/strong>  John p\u00e5 Bj\u00f6rks\u00e4tter G\u00e5rd utanf\u00f6r Valdemarsvik och Martin p\u00e5 Bjursund s\u00e4teri i Loftahammar<\/p><div class=\"media-i-artikeltexten media-entity-placement\" id=\"media-2233493876\"><div id=\"exempelannons\" class=\"exempelannons\" style=\"margin-left: auto;margin-right: auto;text-align: center;\"><a href=\"https:\/\/google.se\" aria-label=\"ad_placeholder\"><img loading=\"lazy\" decoding=\"async\" src=\"https:\/\/kunder.bulta.se\/mediatrio24\/wp-content\/uploads\/2024\/06\/ad_placeholder-e1725346111228.png\" alt=\"\"  srcset=\"https:\/\/kunder.bulta.se\/mediatrio24\/wp-content\/uploads\/2024\/06\/ad_placeholder-e1725346111228.png 1692w, https:\/\/kunder.bulta.se\/mediatrio24\/wp-content\/uploads\/2024\/06\/ad_placeholder-e1725346111228-300x133.png 300w, https:\/\/kunder.bulta.se\/mediatrio24\/wp-content\/uploads\/2024\/06\/ad_placeholder-e1725346111228-1024x455.png 1024w, https:\/\/kunder.bulta.se\/mediatrio24\/wp-content\/uploads\/2024\/06\/ad_placeholder-e1725346111228-768x341.png 768w, https:\/\/kunder.bulta.se\/mediatrio24\/wp-content\/uploads\/2024\/06\/ad_placeholder-e1725346111228-1536x683.png 1536w, https:\/\/kunder.bulta.se\/mediatrio24\/wp-content\/uploads\/2024\/06\/ad_placeholder-e1725346111228-1080x480.png 1080w\" sizes=\"(max-width: 1692px) 100vw, 1692px\" width=\"1692\" height=\"872\"  style=\"display: inline-block;\" \/><\/a><\/div><\/div>\n\n\n\n<p>Jag m\u00f6ter Martin och John vid deras k\u00f6ttbutik som ligger ett stenkast fr\u00e5n Europav\u00e4g 22.<\/p>\n\n\n\n<p>Martin \u00e4r civilingenj\u00f6r i grunden och har jobbat med fastigheter i Spanien och Stockholm. Under finanskrisen 2008 s\u00e5 var det inte mycket jobb i den branschen men inom familjen fanns g\u00e5rden Bjursund i n\u00e4rheten av Loftahammar. Han erbj\u00f6d sig att \u00e5ka ner fr\u00e5n Stockholm och jobba d\u00e4r och blev sugen p\u00e5 att bo kvar och efter ett tag funderade han p\u00e5 vad han kunde g\u00f6ra p\u00e5 g\u00e5rden f\u00f6r att livn\u00e4ra sig. Jordbruket levererade k\u00f6ttdjur till slakteriet i Valdemarsvik som kort efter gick i konkurs. D\u00e5 tog han \u00f6ver konkursboet av slakteriet i Valdemarsvik och d\u00f6pte det till Bjursunds slakteri. Detta med noll kunskap inom slakt, styckning och k\u00f6ttbranschen vilket \u00e4r n\u00e5got han f\u00e5tt l\u00e4ra sig efter hand.<\/p>\n\n\n\n<p>Johns resa \u00e4r att han, hans far och syster hittade och k\u00f6pte g\u00e5rden Sk\u00f6nero som ocks\u00e5 var ett konkursbo och som var bra f\u00f6r deras egen verksamhet med mj\u00f6lkkor. Idag st\u00e5r vi i Sk\u00f6nero K\u00f6ttbutik som ligger p\u00e5 g\u00e5rden. Att butiken \u00e4r obemannad \u00e4r bra och vem som helst kan sv\u00e4nga in p\u00e5 kv\u00e4llen fr\u00e5n E22 och det \u00e4r gener\u00f6sa \u00f6ppettider. Djuren betar p\u00e5 Sk\u00f6neros \u00e5krar, slaktas, h\u00e4nger och styckas p\u00e5 Bjursund Slakteri och sedan tillbaka till K\u00f6ttbutiken, en total str\u00e4cka p\u00e5 under en mil. Detta g\u00f6r k\u00f6ttet till det minst klimatp\u00e5verkande k\u00f6ttet i Sverige. I framtiden planerar de att ha en person p\u00e5 plats i butiken vissa tider d\u00e4r de kan visa ett lagringstest av k\u00f6tt som ligger och m\u00f6rar till sig.<\/p>\n\n\n\n<p>F\u00f6r att kommunen ska v\u00e4xa s\u00e5 beh\u00f6ver inv\u00e5narna handla lokalt. Om man har en tanke eller id\u00e9 s\u00e5 v\u00e5ga satsa p\u00e5 den och ta hj\u00e4lp av varandra, f\u00f6retag och inv\u00e5nare i kommunen d\u00e4r det finns mycket kunskap och kompetens.<\/p>\n\n\n\n<p>Av 2022 \u00f6nskar de sig att energifr\u00e5gan l\u00f6ser sig s\u00e5 att alla ska vara n\u00f6jda och glada och John \u00f6nskar att f\u00e5 in alla djur och ha lite ledighet.<\/p>\n\n\n\n<p><strong>Framtid:<\/strong> Att k\u00f6ttbutiken ska v\u00e4xa och ha produkter efter \u00e5rstid. Att ha fler produkter varav en stor del ska vara lokalt producerat, inte enbart inom livsmedel utan \u00e4ven annat som till exempel grillkol. Det beh\u00f6ver inte vara stora volymer utan bara det g\u00e5r att s\u00e4lja.<\/p>\n\n\n\n<p><strong>F\u00f6r att n\u00e5 sina m\u00e5l:<\/strong> Lyssna inte p\u00e5 nejs\u00e4gare, man ska tycka attdet \u00e4r roligt och det ska vara n\u00e5got man har intresse f\u00f6r.<\/p>\n\n\n\n<p><strong>Att ha ett f\u00f6retag i ett litet samh\u00e4lle:<\/strong> Det \u00e4r l\u00e4ttare i en liten kommun. Man k\u00e4nner till tillv\u00e4gag\u00e5ngss\u00e4tten inom beslutsfattandet vilket g\u00f6r det smidigare och det \u00e4r l\u00e4ttare att f\u00e5 kontakt med r\u00e4tt personer vilket ger kortare beslutsv\u00e4gar.<\/p>\n\n\n\n<p><strong>Smultronst\u00e4lle i kommunen:<\/strong> Hemma p\u00e5 g\u00e5rden och pyssla och John svarar \u201dvilken plats som helst d\u00e4r min fru \u00e4r\u201d.<\/p>\n\n\n\n<p><strong>Blir inspirerad av:<\/strong> Genuint nyfikna m\u00e4nniskor och kunskap och teknik i kombination av entrepren\u00f6rskap.<\/p>\n\n\n\n<p><strong>Kuriosa:<\/strong> Bjursunds k\u00f6tt har vunnit \u201dWorld Steak Challenge\u201d. Som ett VM-guld fast f\u00f6r k\u00f6ttbitar.<\/p>\n\n\n\n<p><strong>Kontakt:<\/strong><br>Telefon: 0730-630 474<br>Hemsida: www.skonerokott.se<br>Facebook: Sk\u00f6nero K\u00f6ttbutik<\/p>\n\n\n\n<figure class=\"wp-block-gallery has-nested-images columns-default is-cropped wp-block-gallery-1 is-layout-flex wp-block-gallery-is-layout-flex\">\n<figure class=\"wp-block-image size-large\"><img loading=\"lazy\" decoding=\"async\" width=\"2560\" height=\"1709\" data-id=\"8267\" src=\"https:\/\/kunder.bulta.se\/mediatrio24\/wp-content\/uploads\/2022\/09\/Sko\u0308nero-Ko\u0308tt_1-scaled.jpg\" alt=\"\" class=\"wp-image-8267\" srcset=\"https:\/\/kunder.bulta.se\/mediatrio24\/wp-content\/uploads\/2022\/09\/Sko\u0308nero-Ko\u0308tt_1-scaled.jpg 2560w, https:\/\/kunder.bulta.se\/mediatrio24\/wp-content\/uploads\/2022\/09\/Sko\u0308nero-Ko\u0308tt_1-300x200.jpg 300w, https:\/\/kunder.bulta.se\/mediatrio24\/wp-content\/uploads\/2022\/09\/Sko\u0308nero-Ko\u0308tt_1-1024x684.jpg 1024w, https:\/\/kunder.bulta.se\/mediatrio24\/wp-content\/uploads\/2022\/09\/Sko\u0308nero-Ko\u0308tt_1-768x513.jpg 768w, https:\/\/kunder.bulta.se\/mediatrio24\/wp-content\/uploads\/2022\/09\/Sko\u0308nero-Ko\u0308tt_1-1536x1025.jpg 1536w, https:\/\/kunder.bulta.se\/mediatrio24\/wp-content\/uploads\/2022\/09\/Sko\u0308nero-Ko\u0308tt_1-2048x1367.jpg 2048w\" sizes=\"auto, (max-width: 2560px) 100vw, 2560px\" \/><\/figure>\n\n\n\n<figure class=\"wp-block-image size-large\"><img loading=\"lazy\" decoding=\"async\" width=\"2560\" height=\"1709\" data-id=\"8269\" src=\"https:\/\/kunder.bulta.se\/mediatrio24\/wp-content\/uploads\/2022\/09\/Sko\u0308nero-Ko\u0308tt_extrabild-scaled.jpg\" alt=\"\" class=\"wp-image-8269\" srcset=\"https:\/\/kunder.bulta.se\/mediatrio24\/wp-content\/uploads\/2022\/09\/Sko\u0308nero-Ko\u0308tt_extrabild-scaled.jpg 2560w, https:\/\/kunder.bulta.se\/mediatrio24\/wp-content\/uploads\/2022\/09\/Sko\u0308nero-Ko\u0308tt_extrabild-300x200.jpg 300w, https:\/\/kunder.bulta.se\/mediatrio24\/wp-content\/uploads\/2022\/09\/Sko\u0308nero-Ko\u0308tt_extrabild-1024x684.jpg 1024w, https:\/\/kunder.bulta.se\/mediatrio24\/wp-content\/uploads\/2022\/09\/Sko\u0308nero-Ko\u0308tt_extrabild-768x513.jpg 768w, https:\/\/kunder.bulta.se\/mediatrio24\/wp-content\/uploads\/2022\/09\/Sko\u0308nero-Ko\u0308tt_extrabild-1536x1026.jpg 1536w, https:\/\/kunder.bulta.se\/mediatrio24\/wp-content\/uploads\/2022\/09\/Sko\u0308nero-Ko\u0308tt_extrabild-2048x1368.jpg 2048w\" sizes=\"auto, (max-width: 2560px) 100vw, 2560px\" \/><\/figure>\n<\/figure>\n<div class=\"media-efter-artikeltexten media-entity-placement\" id=\"media-1106844923\"><div id=\"exempelannons\" class=\"exempelannons\" style=\"margin-left: auto;margin-right: auto;text-align: center;\"><a href=\"https:\/\/google.se\" aria-label=\"ad_placeholder\"><img loading=\"lazy\" decoding=\"async\" src=\"https:\/\/kunder.bulta.se\/mediatrio24\/wp-content\/uploads\/2024\/06\/ad_placeholder-e1725346111228.png\" alt=\"\"  srcset=\"https:\/\/kunder.bulta.se\/mediatrio24\/wp-content\/uploads\/2024\/06\/ad_placeholder-e1725346111228.png 1692w, https:\/\/kunder.bulta.se\/mediatrio24\/wp-content\/uploads\/2024\/06\/ad_placeholder-e1725346111228-300x133.png 300w, https:\/\/kunder.bulta.se\/mediatrio24\/wp-content\/uploads\/2024\/06\/ad_placeholder-e1725346111228-1024x455.png 1024w, https:\/\/kunder.bulta.se\/mediatrio24\/wp-content\/uploads\/2024\/06\/ad_placeholder-e1725346111228-768x341.png 768w, https:\/\/kunder.bulta.se\/mediatrio24\/wp-content\/uploads\/2024\/06\/ad_placeholder-e1725346111228-1536x683.png 1536w, https:\/\/kunder.bulta.se\/mediatrio24\/wp-content\/uploads\/2024\/06\/ad_placeholder-e1725346111228-1080x480.png 1080w\" sizes=\"(max-width: 1692px) 100vw, 1692px\" width=\"1692\" height=\"872\"  style=\"display: inline-block;\" \/><\/a><\/div><\/div>","protected":false},"excerpt":{"rendered":"<p>Text och foto: Alfred EV Namn: John Furenb\u00e4ck och Martin JohanssonV\u00e4xte upp i: John i Valdemarsvik och Martin i StockholmBor nu i: John p\u00e5 Bj\u00f6rks\u00e4tter G\u00e5rd utanf\u00f6r Valdemarsvik och Martin p\u00e5 Bjursund s\u00e4teri i Loftahammar Jag m\u00f6ter Martin och John vid deras k\u00f6ttbutik som ligger ett stenkast fr\u00e5n Europav\u00e4g 22. Martin \u00e4r civilingenj\u00f6r i grunden [&hellip;]<\/p>\n","protected":false},"author":3,"featured_media":8268,"comment_status":"closed","ping_status":"closed","sticky":true,"template":"","format":"standard","meta":{"_et_pb_use_builder":"","_et_pb_old_content":"","_et_gb_content_width":"","_exactmetrics_skip_tracking":false,"_exactmetrics_sitenote_active":false,"_exactmetrics_sitenote_note":"","_exactmetrics_sitenote_category":0,"_monsterinsights_skip_tracking":false,"_monsterinsights_sitenote_active":false,"_monsterinsights_sitenote_note":"","_monsterinsights_sitenote_category":0,"footnotes":""},"categories":[5244,762],"tags":[1344,1340,1341,354,357],"class_list":["post-8264","post","type-post","status-publish","format-standard","has-post-thumbnail","hentry","category-valdemarsvik-artiklar","category-valdemarsviksbladet","tag-bjursundskott","tag-skonero","tag-skonerokottbutik","tag-valdemarsvik","tag-valdemarsviksbladet"],"yoast_head":"<!-- This site is optimized with the Yoast SEO Premium plugin v21.8 (Yoast SEO v27.3) - https:\/\/yoast.com\/product\/yoast-seo-premium-wordpress\/ -->\n<title>Sk\u00f6nero K\u00f6ttbutik \u2013 \u201dEn v\u00e4lm\u00e5ende liten obemannad butik p\u00e5 egna ben som kan leverera bra produkter\u201d \u00e4r m\u00e5let. - MediaTrio AB | Tidningar | Fokus p\u00e5 det lokala livet<\/title>\n<meta name=\"description\" content=\"Djuren betar p\u00e5 Sk\u00f6neros \u00e5krar, slaktas, h\u00e4nger och styckas p\u00e5 Bjursund Slakteri och sedan tillbaka till K\u00f6ttbutiken, en total str\u00e4cka p\u00e5 under en mil. Detta g\u00f6r k\u00f6ttet till det minst klimatp\u00e5verkande k\u00f6ttet i Sverige.\" \/>\n<meta name=\"robots\" content=\"noindex, follow, max-snippet:-1, max-image-preview:large, max-video-preview:-1\" \/>\n<meta property=\"og:locale\" content=\"sv_SE\" \/>\n<meta property=\"og:type\" content=\"article\" \/>\n<meta property=\"og:title\" content=\"Sk\u00f6nero K\u00f6ttbutik \u2013 \u201dEn v\u00e4lm\u00e5ende liten obemannad butik p\u00e5 egna ben som kan leverera bra produkter\u201d \u00e4r m\u00e5let.\" \/>\n<meta property=\"og:description\" content=\"Djuren betar p\u00e5 Sk\u00f6neros \u00e5krar, slaktas, h\u00e4nger och styckas p\u00e5 Bjursund Slakteri och sedan tillbaka till K\u00f6ttbutiken, en total str\u00e4cka p\u00e5 under en mil. Detta g\u00f6r k\u00f6ttet till det minst klimatp\u00e5verkande k\u00f6ttet i Sverige.\" \/>\n<meta property=\"og:url\" content=\"https:\/\/kunder.bulta.se\/mediatrio24\/skonero-kottbutik-en-valmaende-liten-obemannad-butik-pa-egna-ben-som-kan-leverera-bra-produkter-ar-malet\/\" \/>\n<meta property=\"og:site_name\" content=\"MediaTrio AB | Tidningar | Fokus p\u00e5 det lokala livet\" \/>\n<meta property=\"article:publisher\" content=\"http:\/\/www.facebook.com\/mediatrio\" \/>\n<meta property=\"article:published_time\" content=\"2022-09-23T05:00:00+00:00\" \/>\n<meta property=\"article:modified_time\" content=\"2024-06-18T21:36:12+00:00\" \/>\n<meta property=\"og:image\" content=\"https:\/\/kunder.bulta.se\/mediatrio24\/wp-content\/uploads\/2022\/09\/Sko\u0308nero-Ko\u0308tt_2-scaled.jpg\" \/>\n\t<meta property=\"og:image:width\" content=\"2560\" \/>\n\t<meta property=\"og:image:height\" content=\"1709\" \/>\n\t<meta property=\"og:image:type\" content=\"image\/jpeg\" \/>\n<meta name=\"author\" content=\"Thomas Ekh\" \/>\n<meta name=\"twitter:card\" content=\"summary_large_image\" \/>\n<meta name=\"twitter:creator\" content=\"@turistcenter\" \/>\n<meta name=\"twitter:site\" content=\"@turistcenter\" \/>\n<meta name=\"twitter:label1\" content=\"Skriven av\" \/>\n\t<meta name=\"twitter:data1\" content=\"Thomas Ekh\" \/>\n\t<meta name=\"twitter:label2\" content=\"Ber\u00e4knad l\u00e4stid\" \/>\n\t<meta name=\"twitter:data2\" content=\"4 minuter\" \/>\n<!-- \/ Yoast SEO Premium plugin. -->","yoast_head_json":{"title":"Sk\u00f6nero K\u00f6ttbutik \u2013 \u201dEn v\u00e4lm\u00e5ende liten obemannad butik p\u00e5 egna ben som kan leverera bra produkter\u201d \u00e4r m\u00e5let. - MediaTrio AB | Tidningar | Fokus p\u00e5 det lokala livet","description":"Djuren betar p\u00e5 Sk\u00f6neros \u00e5krar, slaktas, h\u00e4nger och styckas p\u00e5 Bjursund Slakteri och sedan tillbaka till K\u00f6ttbutiken, en total str\u00e4cka p\u00e5 under en mil. Detta g\u00f6r k\u00f6ttet till det minst klimatp\u00e5verkande k\u00f6ttet i Sverige.","robots":{"index":"noindex","follow":"follow","max-snippet":"max-snippet:-1","max-image-preview":"max-image-preview:large","max-video-preview":"max-video-preview:-1"},"og_locale":"sv_SE","og_type":"article","og_title":"Sk\u00f6nero K\u00f6ttbutik \u2013 \u201dEn v\u00e4lm\u00e5ende liten obemannad butik p\u00e5 egna ben som kan leverera bra produkter\u201d \u00e4r m\u00e5let.","og_description":"Djuren betar p\u00e5 Sk\u00f6neros \u00e5krar, slaktas, h\u00e4nger och styckas p\u00e5 Bjursund Slakteri och sedan tillbaka till K\u00f6ttbutiken, en total str\u00e4cka p\u00e5 under en mil. Detta g\u00f6r k\u00f6ttet till det minst klimatp\u00e5verkande k\u00f6ttet i Sverige.","og_url":"https:\/\/kunder.bulta.se\/mediatrio24\/skonero-kottbutik-en-valmaende-liten-obemannad-butik-pa-egna-ben-som-kan-leverera-bra-produkter-ar-malet\/","og_site_name":"MediaTrio AB | Tidningar | Fokus p\u00e5 det lokala livet","article_publisher":"http:\/\/www.facebook.com\/mediatrio","article_published_time":"2022-09-23T05:00:00+00:00","article_modified_time":"2024-06-18T21:36:12+00:00","og_image":[{"width":2560,"height":1709,"url":"https:\/\/kunder.bulta.se\/mediatrio24\/wp-content\/uploads\/2022\/09\/Sko\u0308nero-Ko\u0308tt_2-scaled.jpg","type":"image\/jpeg"}],"author":"Thomas Ekh","twitter_card":"summary_large_image","twitter_creator":"@turistcenter","twitter_site":"@turistcenter","twitter_misc":{"Skriven av":"Thomas Ekh","Ber\u00e4knad l\u00e4stid":"4 minuter"},"schema":{"@context":"https:\/\/schema.org","@graph":[{"@type":"Article","@id":"https:\/\/kunder.bulta.se\/mediatrio24\/skonero-kottbutik-en-valmaende-liten-obemannad-butik-pa-egna-ben-som-kan-leverera-bra-produkter-ar-malet\/#article","isPartOf":{"@id":"https:\/\/kunder.bulta.se\/mediatrio24\/skonero-kottbutik-en-valmaende-liten-obemannad-butik-pa-egna-ben-som-kan-leverera-bra-produkter-ar-malet\/"},"author":{"name":"Thomas Ekh","@id":"https:\/\/kunder.bulta.se\/mediatrio24\/#\/schema\/person\/0b388f9fc64f1d8833e3d340486db857"},"headline":"Sk\u00f6nero K\u00f6ttbutik \u2013 \u201dEn v\u00e4lm\u00e5ende liten obemannad butik p\u00e5 egna ben som kan leverera bra produkter\u201d \u00e4r m\u00e5let.","datePublished":"2022-09-23T05:00:00+00:00","dateModified":"2024-06-18T21:36:12+00:00","mainEntityOfPage":{"@id":"https:\/\/kunder.bulta.se\/mediatrio24\/skonero-kottbutik-en-valmaende-liten-obemannad-butik-pa-egna-ben-som-kan-leverera-bra-produkter-ar-malet\/"},"wordCount":637,"publisher":{"@id":"https:\/\/kunder.bulta.se\/mediatrio24\/#organization"},"image":{"@id":"https:\/\/kunder.bulta.se\/mediatrio24\/skonero-kottbutik-en-valmaende-liten-obemannad-butik-pa-egna-ben-som-kan-leverera-bra-produkter-ar-malet\/#primaryimage"},"thumbnailUrl":"https:\/\/kunder.bulta.se\/mediatrio24\/wp-content\/uploads\/2022\/09\/Sko\u0308nero-Ko\u0308tt_2-scaled.jpg","keywords":["BjursundsK\u00f6tt","Sk\u00f6nero","Sk\u00f6neroK\u00f6ttbutik","Valdemarsvik","valdemarsviksbladet"],"articleSection":["Valdemarsvik","ValdemarsviksBladet"],"inLanguage":"sv-SE","copyrightYear":"2022","copyrightHolder":{"@id":"https:\/\/kunder.bulta.se\/mediatrio24\/#organization"}},{"@type":"WebPage","@id":"https:\/\/kunder.bulta.se\/mediatrio24\/skonero-kottbutik-en-valmaende-liten-obemannad-butik-pa-egna-ben-som-kan-leverera-bra-produkter-ar-malet\/","url":"https:\/\/kunder.bulta.se\/mediatrio24\/skonero-kottbutik-en-valmaende-liten-obemannad-butik-pa-egna-ben-som-kan-leverera-bra-produkter-ar-malet\/","name":"Sk\u00f6nero K\u00f6ttbutik \u2013 \u201dEn v\u00e4lm\u00e5ende liten obemannad butik p\u00e5 egna ben som kan leverera bra produkter\u201d \u00e4r m\u00e5let. - MediaTrio AB | Tidningar | Fokus p\u00e5 det lokala livet","isPartOf":{"@id":"https:\/\/kunder.bulta.se\/mediatrio24\/#website"},"primaryImageOfPage":{"@id":"https:\/\/kunder.bulta.se\/mediatrio24\/skonero-kottbutik-en-valmaende-liten-obemannad-butik-pa-egna-ben-som-kan-leverera-bra-produkter-ar-malet\/#primaryimage"},"image":{"@id":"https:\/\/kunder.bulta.se\/mediatrio24\/skonero-kottbutik-en-valmaende-liten-obemannad-butik-pa-egna-ben-som-kan-leverera-bra-produkter-ar-malet\/#primaryimage"},"thumbnailUrl":"https:\/\/kunder.bulta.se\/mediatrio24\/wp-content\/uploads\/2022\/09\/Sko\u0308nero-Ko\u0308tt_2-scaled.jpg","datePublished":"2022-09-23T05:00:00+00:00","dateModified":"2024-06-18T21:36:12+00:00","description":"Djuren betar p\u00e5 Sk\u00f6neros \u00e5krar, slaktas, h\u00e4nger och styckas p\u00e5 Bjursund Slakteri och sedan tillbaka till K\u00f6ttbutiken, en total str\u00e4cka p\u00e5 under en mil. Detta g\u00f6r k\u00f6ttet till det minst klimatp\u00e5verkande k\u00f6ttet i Sverige.","breadcrumb":{"@id":"https:\/\/kunder.bulta.se\/mediatrio24\/skonero-kottbutik-en-valmaende-liten-obemannad-butik-pa-egna-ben-som-kan-leverera-bra-produkter-ar-malet\/#breadcrumb"},"inLanguage":"sv-SE","potentialAction":[{"@type":"ReadAction","target":["https:\/\/kunder.bulta.se\/mediatrio24\/skonero-kottbutik-en-valmaende-liten-obemannad-butik-pa-egna-ben-som-kan-leverera-bra-produkter-ar-malet\/"]}]},{"@type":"ImageObject","inLanguage":"sv-SE","@id":"https:\/\/kunder.bulta.se\/mediatrio24\/skonero-kottbutik-en-valmaende-liten-obemannad-butik-pa-egna-ben-som-kan-leverera-bra-produkter-ar-malet\/#primaryimage","url":"https:\/\/kunder.bulta.se\/mediatrio24\/wp-content\/uploads\/2022\/09\/Sko\u0308nero-Ko\u0308tt_2-scaled.jpg","contentUrl":"https:\/\/kunder.bulta.se\/mediatrio24\/wp-content\/uploads\/2022\/09\/Sko\u0308nero-Ko\u0308tt_2-scaled.jpg","width":2560,"height":1709},{"@type":"BreadcrumbList","@id":"https:\/\/kunder.bulta.se\/mediatrio24\/skonero-kottbutik-en-valmaende-liten-obemannad-butik-pa-egna-ben-som-kan-leverera-bra-produkter-ar-malet\/#breadcrumb","itemListElement":[{"@type":"ListItem","position":1,"name":"Hem","item":"http:\/\/kunder.bulta.se\/mediatrio24\/"},{"@type":"ListItem","position":2,"name":"Sk\u00f6nero K\u00f6ttbutik \u2013 \u201dEn v\u00e4lm\u00e5ende liten obemannad butik p\u00e5 egna ben som kan leverera bra produkter\u201d \u00e4r m\u00e5let."}]},{"@type":"WebSite","@id":"https:\/\/kunder.bulta.se\/mediatrio24\/#website","url":"https:\/\/kunder.bulta.se\/mediatrio24\/","name":"MediaTrio AB | Tidningar | Fokus p\u00e5 det lokala livet","description":"ValdemarsviksBladet | \u00c5tvidabergsplatsen | Gamlebyplatsen","publisher":{"@id":"https:\/\/kunder.bulta.se\/mediatrio24\/#organization"},"potentialAction":[{"@type":"SearchAction","target":{"@type":"EntryPoint","urlTemplate":"https:\/\/kunder.bulta.se\/mediatrio24\/?s={search_term_string}"},"query-input":{"@type":"PropertyValueSpecification","valueRequired":true,"valueName":"search_term_string"}}],"inLanguage":"sv-SE"},{"@type":"Organization","@id":"https:\/\/kunder.bulta.se\/mediatrio24\/#organization","name":"MediaTrio AB","url":"https:\/\/kunder.bulta.se\/mediatrio24\/","logo":{"@type":"ImageObject","inLanguage":"sv-SE","@id":"https:\/\/kunder.bulta.se\/mediatrio24\/#\/schema\/logo\/image\/","url":"https:\/\/kunder.bulta.se\/mediatrio24\/wp-content\/uploads\/2022\/08\/4BB26FAD-690D-4B82-82AC-2254E508623D.jpeg","contentUrl":"https:\/\/kunder.bulta.se\/mediatrio24\/wp-content\/uploads\/2022\/08\/4BB26FAD-690D-4B82-82AC-2254E508623D.jpeg","width":2160,"height":1232,"caption":"MediaTrio AB"},"image":{"@id":"https:\/\/kunder.bulta.se\/mediatrio24\/#\/schema\/logo\/image\/"},"sameAs":["http:\/\/www.facebook.com\/mediatrio","https:\/\/x.com\/turistcenter","http:\/\/www.facebook.com\/valdemarsviksbladet","http:\/\/www.facebook.com\/atvidabergsplatsen","http:\/\/www.facebook.com\/gamlebyplatsen","http:\/\/www.facebook.com\/valdemarsviksportalen"]},{"@type":"Person","@id":"https:\/\/kunder.bulta.se\/mediatrio24\/#\/schema\/person\/0b388f9fc64f1d8833e3d340486db857","name":"Thomas Ekh","image":{"@type":"ImageObject","inLanguage":"sv-SE","@id":"https:\/\/secure.gravatar.com\/avatar\/12675705565a6415d4efa2e35e67c2e839a7b757363a0ad4388916d0e97094d2?s=96&d=mm&r=g","url":"https:\/\/secure.gravatar.com\/avatar\/12675705565a6415d4efa2e35e67c2e839a7b757363a0ad4388916d0e97094d2?s=96&d=mm&r=g","contentUrl":"https:\/\/secure.gravatar.com\/avatar\/12675705565a6415d4efa2e35e67c2e839a7b757363a0ad4388916d0e97094d2?s=96&d=mm&r=g","caption":"Thomas Ekh"},"sameAs":["https:\/\/mediatrio.se"],"url":"https:\/\/kunder.bulta.se\/mediatrio24\/author\/thomas\/"}]}},"_links":{"self":[{"href":"https:\/\/kunder.bulta.se\/mediatrio24\/wp-json\/wp\/v2\/posts\/8264","targetHints":{"allow":["GET"]}}],"collection":[{"href":"https:\/\/kunder.bulta.se\/mediatrio24\/wp-json\/wp\/v2\/posts"}],"about":[{"href":"https:\/\/kunder.bulta.se\/mediatrio24\/wp-json\/wp\/v2\/types\/post"}],"author":[{"embeddable":true,"href":"https:\/\/kunder.bulta.se\/mediatrio24\/wp-json\/wp\/v2\/users\/3"}],"replies":[{"embeddable":true,"href":"https:\/\/kunder.bulta.se\/mediatrio24\/wp-json\/wp\/v2\/comments?post=8264"}],"version-history":[{"count":1,"href":"https:\/\/kunder.bulta.se\/mediatrio24\/wp-json\/wp\/v2\/posts\/8264\/revisions"}],"predecessor-version":[{"id":8270,"href":"https:\/\/kunder.bulta.se\/mediatrio24\/wp-json\/wp\/v2\/posts\/8264\/revisions\/8270"}],"wp:featuredmedia":[{"embeddable":true,"href":"https:\/\/kunder.bulta.se\/mediatrio24\/wp-json\/wp\/v2\/media\/8268"}],"wp:attachment":[{"href":"https:\/\/kunder.bulta.se\/mediatrio24\/wp-json\/wp\/v2\/media?parent=8264"}],"wp:term":[{"taxonomy":"category","embeddable":true,"href":"https:\/\/kunder.bulta.se\/mediatrio24\/wp-json\/wp\/v2\/categories?post=8264"},{"taxonomy":"post_tag","embeddable":true,"href":"https:\/\/kunder.bulta.se\/mediatrio24\/wp-json\/wp\/v2\/tags?post=8264"}],"curies":[{"name":"wp","href":"https:\/\/api.w.org\/{rel}","templated":true}]}}