{"id":6770,"date":"2021-11-25T02:00:00","date_gmt":"2021-11-25T00:00:00","guid":{"rendered":"https:\/\/mediatrio.se\/?p=6770"},"modified":"2024-06-18T23:32:43","modified_gmt":"2024-06-18T21:32:43","slug":"reduktionsfiske-for-friskare-sjoar","status":"publish","type":"post","link":"https:\/\/kunder.bulta.se\/mediatrio24\/reduktionsfiske-for-friskare-sjoar\/","title":{"rendered":"Reduktionsfiske \u2013 f\u00f6r friskare sj\u00f6ar"},"content":{"rendered":"<div class=\"media-innan-artikeltexten media-entity-placement\" id=\"media-4174634125\"><div id=\"exempelannons\" class=\"exempelannons\" style=\"margin-left: auto;margin-right: auto;text-align: center;\"><a href=\"https:\/\/google.se\" aria-label=\"ad_placeholder\"><img loading=\"lazy\" decoding=\"async\" src=\"https:\/\/kunder.bulta.se\/mediatrio24\/wp-content\/uploads\/2024\/06\/ad_placeholder-e1725346111228.png\" alt=\"\"  srcset=\"https:\/\/kunder.bulta.se\/mediatrio24\/wp-content\/uploads\/2024\/06\/ad_placeholder-e1725346111228.png 1692w, https:\/\/kunder.bulta.se\/mediatrio24\/wp-content\/uploads\/2024\/06\/ad_placeholder-e1725346111228-300x133.png 300w, https:\/\/kunder.bulta.se\/mediatrio24\/wp-content\/uploads\/2024\/06\/ad_placeholder-e1725346111228-1024x455.png 1024w, https:\/\/kunder.bulta.se\/mediatrio24\/wp-content\/uploads\/2024\/06\/ad_placeholder-e1725346111228-768x341.png 768w, https:\/\/kunder.bulta.se\/mediatrio24\/wp-content\/uploads\/2024\/06\/ad_placeholder-e1725346111228-1536x683.png 1536w, https:\/\/kunder.bulta.se\/mediatrio24\/wp-content\/uploads\/2024\/06\/ad_placeholder-e1725346111228-1080x480.png 1080w\" sizes=\"(max-width: 1692px) 100vw, 1692px\" width=\"1692\" height=\"872\"  style=\"display: inline-block;\" \/><\/a><\/div><\/div>\n<p><strong>I sj\u00f6arna runt \u00c5tvidaberg p\u00e5g\u00e5r nu ett projekt p\u00e5 uppdrag av Stor\u00e5ns vattenr\u00e5d \u2013<br>med m\u00e5let att f\u00f6rb\u00e4ttra vattenkvaliteten i sj\u00f6arna.<\/strong><\/p>\n\n\n\n<p><em>Text: Frida Almqvist    Foto: Anton Sunnergren<\/em><\/p><div class=\"media-i-artikeltexten media-entity-placement\" id=\"media-732226467\"><div id=\"exempelannons\" class=\"exempelannons\" style=\"margin-left: auto;margin-right: auto;text-align: center;\"><a href=\"https:\/\/google.se\" aria-label=\"ad_placeholder\"><img loading=\"lazy\" decoding=\"async\" src=\"https:\/\/kunder.bulta.se\/mediatrio24\/wp-content\/uploads\/2024\/06\/ad_placeholder-e1725346111228.png\" alt=\"\"  srcset=\"https:\/\/kunder.bulta.se\/mediatrio24\/wp-content\/uploads\/2024\/06\/ad_placeholder-e1725346111228.png 1692w, https:\/\/kunder.bulta.se\/mediatrio24\/wp-content\/uploads\/2024\/06\/ad_placeholder-e1725346111228-300x133.png 300w, https:\/\/kunder.bulta.se\/mediatrio24\/wp-content\/uploads\/2024\/06\/ad_placeholder-e1725346111228-1024x455.png 1024w, https:\/\/kunder.bulta.se\/mediatrio24\/wp-content\/uploads\/2024\/06\/ad_placeholder-e1725346111228-768x341.png 768w, https:\/\/kunder.bulta.se\/mediatrio24\/wp-content\/uploads\/2024\/06\/ad_placeholder-e1725346111228-1536x683.png 1536w, https:\/\/kunder.bulta.se\/mediatrio24\/wp-content\/uploads\/2024\/06\/ad_placeholder-e1725346111228-1080x480.png 1080w\" sizes=\"(max-width: 1692px) 100vw, 1692px\" width=\"1692\" height=\"872\"  style=\"display: inline-block;\" \/><\/a><\/div><\/div>\n\n\n\n<p>Anton Sunnergren jobbar som kommunekolog i \u00c5tvidabergs kommun, och arbetar bland annat med markomr\u00e5den, skogsv\u00e5rd och naturv\u00e5rd. \u201cDet som nu \u00e4r p\u00e5 g\u00e5ng \u00e4r ett projekt inom Stor\u00e5ns vattenr\u00e5d som har som m\u00e5l att f\u00e5 bukt p\u00e5 de \u00f6verg\u00f6dda sj\u00f6arna\u201d ber\u00e4ttar han.<br><br>Vattenr\u00e5d finns i stort sett alla vattendrag i Sverige och \u00e4r till f\u00f6r att samla f\u00f6retag, mark\u00e4gare, ideella organisationer och intresserade f\u00f6r att diskutera fr\u00e5gor om hur man kan f\u00f6rb\u00e4ttra vattenkvaliteten. Stor\u00e5n \u00e4r ett relativt litet vattenr\u00e5d d\u00e4r ena halvan av avrinningsomr\u00e5det ligger i \u00c5tvidabergs kommun och den andra halvan i V\u00e4sterviks kommun. N\u00e5gra av sj\u00f6arna som ing\u00e5r i \u00c5tvidabergs kommun \u00e4r Horsfj\u00e4rden, Bysj\u00f6n, H\u00e5cklasj\u00f6n och B\u00e5tsj\u00f6n.<br><br>Anton \u00e4r huvudman i projektet och bedriver det tillsammans med Dennis Wistr\u00f6m fr\u00e5n V\u00e4sterviks kommun och Ola Helmerson fr\u00e5n Hush\u00e5llningss\u00e4llskapet.<br>Projektet best\u00e5r av tv\u00e5 delar \u2013 en unders\u00f6kande och en \u00e5tg\u00e4rdande. Det startade \u00e5r 2020 och sista tillf\u00e4llet, inom det h\u00e4r projektet med reduktionsfiske, blir 2022. <br>&#8211; \u201dI dagsl\u00e4get \u00e4r det lite oklart hur snabbt man kan se resultat i sj\u00f6arna &#8211; det beror lite p\u00e5 hur sj\u00f6arna \u00e4r utformade, djup och annat\u201d, ber\u00e4ttar Anton.<br><br>Den f\u00f6rsta delen handlar om att unders\u00f6ka hur sj\u00f6arna m\u00e5r. Det g\u00f6rs bland annat genom n\u00e4tprovfiske d\u00e4r man unders\u00f6ker hur m\u00e5nga fiskar och vilka typer av fiskar som finns i sj\u00f6n. Unders\u00f6kningarna i sj\u00f6arna runt om \u00c5tvidaberg har visat p\u00e5 en h\u00f6g n\u00e4ringsbelastning \u2013 n\u00e5got som beror p\u00e5 att f\u00f6rdelningen av vitfisk gentemot rovfisk \u00e4r oj\u00e4mn. \u201dDet finns f\u00f6r mycket vitfisk, vilket g\u00f6r att sj\u00f6n f\u00e5r sv\u00e5rt att \u00e5terh\u00e4mta sig p\u00e5 egen hand. Det beh\u00f6vs en b\u00e4ttre balans mellan dessa arter f\u00f6r att sj\u00f6n ska m\u00e5 bra\u201d.<br><br>N\u00e4r det blir f\u00f6r mycket vitfisk gentemot rovfisk s\u00e5 rubbas n\u00e4ringskedjan vilket resulterar i en \u00f6verg\u00f6dd sj\u00f6.<br>&#8211; \u201dN\u00e4r det blir f\u00f6r m\u00e5nga vitfiskar &#8211; g\u00e5r det \u00e5t f\u00f6r mycket djurplankton. Detta g\u00f6r att det blir f\u00f6r mycket v\u00e4xtplankton i sj\u00f6n. Detta g\u00f6r att sj\u00f6n blir grumlig och det kan bli syrebrist p\u00e5 botten som det \u00e4r sv\u00e5rt f\u00f6r sj\u00f6n att \u00e5terh\u00e4mta sig sj\u00e4lv ifr\u00e5n.\u201d<br><br>D\u00e5 m\u00e5nga av sj\u00f6arna \u00e4r \u00f6verg\u00f6dda kr\u00e4vs \u00e5tg\u00e4rder \u2013 det som \u00e4r del tv\u00e5 i projektet. \u201dEn l\u00f6sning f\u00f6r att sj\u00f6n ska \u00e5terh\u00e4mta sig \u00e4r reduktionsfiske. Reduktionsfisket inneb\u00e4r att man fiskar upp delar av vitfisken. Hur mycket som ska fiskas upp beror p\u00e5 vad n\u00e4tprovfisket visar, men ocks\u00e5 beroende p\u00e5 fiskelyckan s\u00e5klart\u201d.<br><br>I reduktionsfisket anv\u00e4nder man sig av metoden \u201cnotning\u201d. Det \u00e4r ett skonsamt s\u00e4tt som g\u00f6r liten p\u00e5verkan p\u00e5 fisken. Notning inneb\u00e4r att man med hj\u00e4lp av ekolod tittar efter stim och tar upp fisken med en typ av n\u00e4t som l\u00e4ggs ut som en v\u00e4gg runt stimmet. N\u00e4r n\u00e4tet dras ihop sluts den undertill och bildar en s\u00e4ck. <br>&#8211; \u201dTack vare botten p\u00e5 n\u00e4tet och att indragningen av n\u00e4tet g\u00e5r l\u00e5ngsamt \u00e4r det ingen fisk som fastnar eller blir kl\u00e4md.\u201d<br><br>En del av vitfisken som fiskas upp g\u00e5r till mark\u00e4gare som anv\u00e4nder den till bland annat kr\u00e4ftbete. Men det mesta g\u00e5r till Tekniska Verken i Link\u00f6ping d\u00e4r det blir biogas. Rovfisken sl\u00e4pps s\u00e5klart i igen.<br><br>P\u00e5 sikt hoppas man p\u00e5 en sj\u00f6 i balans som kan r\u00e5 om sig sj\u00e4lv.<br><br>F\u00f6renklat fungerar n\u00e4ringskedjan i en sj\u00f6 s\u00e5 h\u00e4r. N\u00e4r den \u00e4r i balans \u00e4r det lagom m\u00e4ngder av alla fyra delar:<br>\u2022 Rovfisken (ex abborre, g\u00e4dda och g\u00f6s) \u00e4ter vitfisken<br>\u2022 Vitfisken (ex m\u00f6rt, bj\u00f6rkna, g\u00e4rs, ruda och braxen) \u00e4ter djurplankton<br>\u2022 Djurplankton \u00e4ter v\u00e4xtplankton<br>\u2022 V\u00e4xtplankton v\u00e4xer av solljus och tillg\u00e4ngliga n\u00e4rings\u00e4mnen<br><\/p>\n<div class=\"media-efter-artikeltexten media-entity-placement\" id=\"media-4238288350\"><div id=\"exempelannons\" class=\"exempelannons\" style=\"margin-left: auto;margin-right: auto;text-align: center;\"><a href=\"https:\/\/google.se\" aria-label=\"ad_placeholder\"><img loading=\"lazy\" decoding=\"async\" src=\"https:\/\/kunder.bulta.se\/mediatrio24\/wp-content\/uploads\/2024\/06\/ad_placeholder-e1725346111228.png\" alt=\"\"  srcset=\"https:\/\/kunder.bulta.se\/mediatrio24\/wp-content\/uploads\/2024\/06\/ad_placeholder-e1725346111228.png 1692w, https:\/\/kunder.bulta.se\/mediatrio24\/wp-content\/uploads\/2024\/06\/ad_placeholder-e1725346111228-300x133.png 300w, https:\/\/kunder.bulta.se\/mediatrio24\/wp-content\/uploads\/2024\/06\/ad_placeholder-e1725346111228-1024x455.png 1024w, https:\/\/kunder.bulta.se\/mediatrio24\/wp-content\/uploads\/2024\/06\/ad_placeholder-e1725346111228-768x341.png 768w, https:\/\/kunder.bulta.se\/mediatrio24\/wp-content\/uploads\/2024\/06\/ad_placeholder-e1725346111228-1536x683.png 1536w, https:\/\/kunder.bulta.se\/mediatrio24\/wp-content\/uploads\/2024\/06\/ad_placeholder-e1725346111228-1080x480.png 1080w\" sizes=\"(max-width: 1692px) 100vw, 1692px\" width=\"1692\" height=\"872\"  style=\"display: inline-block;\" \/><\/a><\/div><\/div>","protected":false},"excerpt":{"rendered":"<p>I sj\u00f6arna runt \u00c5tvidaberg p\u00e5g\u00e5r nu ett projekt p\u00e5 uppdrag av Stor\u00e5ns vattenr\u00e5d \u2013med m\u00e5let att f\u00f6rb\u00e4ttra vattenkvaliteten i sj\u00f6arna. Text: Frida Almqvist Foto: Anton Sunnergren Anton Sunnergren jobbar som kommunekolog i \u00c5tvidabergs kommun, och arbetar bland annat med markomr\u00e5den, skogsv\u00e5rd och naturv\u00e5rd. \u201cDet som nu \u00e4r p\u00e5 g\u00e5ng \u00e4r ett projekt inom Stor\u00e5ns vattenr\u00e5d [&hellip;]<\/p>\n","protected":false},"author":3,"featured_media":6773,"comment_status":"closed","ping_status":"closed","sticky":false,"template":"","format":"standard","meta":{"_et_pb_use_builder":"","_et_pb_old_content":"","_et_gb_content_width":"","_exactmetrics_skip_tracking":false,"_exactmetrics_sitenote_active":false,"_exactmetrics_sitenote_note":"","_exactmetrics_sitenote_category":0,"_monsterinsights_skip_tracking":false,"_monsterinsights_sitenote_active":false,"_monsterinsights_sitenote_note":"","_monsterinsights_sitenote_category":0,"footnotes":""},"categories":[5262,763],"tags":[754,752,805],"class_list":["post-6770","post","type-post","status-publish","format-standard","has-post-thumbnail","hentry","category-atvidaberg-artiklar","category-atvidabergsplatsen","tag-atvidaberg","tag-atvidabergsplatsen","tag-reduktionsfiske"],"yoast_head":"<!-- This site is optimized with the Yoast SEO Premium plugin v21.8 (Yoast SEO v27.3) - https:\/\/yoast.com\/product\/yoast-seo-premium-wordpress\/ -->\n<title>Reduktionsfiske \u2013 f\u00f6r friskare sj\u00f6ar - MediaTrio AB | Tidningar | Fokus p\u00e5 det lokala livet<\/title>\n<meta name=\"robots\" content=\"noindex, follow, max-snippet:-1, max-image-preview:large, max-video-preview:-1\" \/>\n<meta property=\"og:locale\" content=\"sv_SE\" \/>\n<meta property=\"og:type\" content=\"article\" \/>\n<meta property=\"og:title\" content=\"Reduktionsfiske \u2013 f\u00f6r friskare sj\u00f6ar\" \/>\n<meta property=\"og:description\" content=\"I sj\u00f6arna runt \u00c5tvidaberg p\u00e5g\u00e5r nu ett projekt p\u00e5 uppdrag av Stor\u00e5ns vattenr\u00e5d \u2013med m\u00e5let att f\u00f6rb\u00e4ttra vattenkvaliteten i sj\u00f6arna. Text: Frida Almqvist Foto: Anton Sunnergren Anton Sunnergren jobbar som kommunekolog i \u00c5tvidabergs kommun, och arbetar bland annat med markomr\u00e5den, skogsv\u00e5rd och naturv\u00e5rd. \u201cDet som nu \u00e4r p\u00e5 g\u00e5ng \u00e4r ett projekt inom Stor\u00e5ns vattenr\u00e5d [&hellip;]\" \/>\n<meta property=\"og:url\" content=\"https:\/\/kunder.bulta.se\/mediatrio24\/reduktionsfiske-for-friskare-sjoar\/\" \/>\n<meta property=\"og:site_name\" content=\"MediaTrio AB | Tidningar | Fokus p\u00e5 det lokala livet\" \/>\n<meta property=\"article:publisher\" content=\"http:\/\/www.facebook.com\/mediatrio\" \/>\n<meta property=\"article:published_time\" content=\"2021-11-25T00:00:00+00:00\" \/>\n<meta property=\"article:modified_time\" content=\"2024-06-18T21:32:43+00:00\" \/>\n<meta property=\"og:image\" content=\"https:\/\/kunder.bulta.se\/mediatrio24\/wp-content\/uploads\/2021\/12\/reduktionsfiske-scaled.jpg\" \/>\n\t<meta property=\"og:image:width\" content=\"2560\" \/>\n\t<meta property=\"og:image:height\" content=\"1920\" \/>\n\t<meta property=\"og:image:type\" content=\"image\/jpeg\" \/>\n<meta name=\"author\" content=\"Thomas Ekh\" \/>\n<meta name=\"twitter:card\" content=\"summary_large_image\" \/>\n<meta name=\"twitter:creator\" content=\"@turistcenter\" \/>\n<meta name=\"twitter:site\" content=\"@turistcenter\" \/>\n<meta name=\"twitter:label1\" content=\"Skriven av\" \/>\n\t<meta name=\"twitter:data1\" content=\"Thomas Ekh\" \/>\n\t<meta name=\"twitter:label2\" content=\"Ber\u00e4knad l\u00e4stid\" \/>\n\t<meta name=\"twitter:data2\" content=\"3 minuter\" \/>\n<!-- \/ Yoast SEO Premium plugin. -->","yoast_head_json":{"title":"Reduktionsfiske \u2013 f\u00f6r friskare sj\u00f6ar - MediaTrio AB | Tidningar | Fokus p\u00e5 det lokala livet","robots":{"index":"noindex","follow":"follow","max-snippet":"max-snippet:-1","max-image-preview":"max-image-preview:large","max-video-preview":"max-video-preview:-1"},"og_locale":"sv_SE","og_type":"article","og_title":"Reduktionsfiske \u2013 f\u00f6r friskare sj\u00f6ar","og_description":"I sj\u00f6arna runt \u00c5tvidaberg p\u00e5g\u00e5r nu ett projekt p\u00e5 uppdrag av Stor\u00e5ns vattenr\u00e5d \u2013med m\u00e5let att f\u00f6rb\u00e4ttra vattenkvaliteten i sj\u00f6arna. Text: Frida Almqvist Foto: Anton Sunnergren Anton Sunnergren jobbar som kommunekolog i \u00c5tvidabergs kommun, och arbetar bland annat med markomr\u00e5den, skogsv\u00e5rd och naturv\u00e5rd. \u201cDet som nu \u00e4r p\u00e5 g\u00e5ng \u00e4r ett projekt inom Stor\u00e5ns vattenr\u00e5d [&hellip;]","og_url":"https:\/\/kunder.bulta.se\/mediatrio24\/reduktionsfiske-for-friskare-sjoar\/","og_site_name":"MediaTrio AB | Tidningar | Fokus p\u00e5 det lokala livet","article_publisher":"http:\/\/www.facebook.com\/mediatrio","article_published_time":"2021-11-25T00:00:00+00:00","article_modified_time":"2024-06-18T21:32:43+00:00","og_image":[{"width":2560,"height":1920,"url":"https:\/\/kunder.bulta.se\/mediatrio24\/wp-content\/uploads\/2021\/12\/reduktionsfiske-scaled.jpg","type":"image\/jpeg"}],"author":"Thomas Ekh","twitter_card":"summary_large_image","twitter_creator":"@turistcenter","twitter_site":"@turistcenter","twitter_misc":{"Skriven av":"Thomas Ekh","Ber\u00e4knad l\u00e4stid":"3 minuter"},"schema":{"@context":"https:\/\/schema.org","@graph":[{"@type":"Article","@id":"https:\/\/kunder.bulta.se\/mediatrio24\/reduktionsfiske-for-friskare-sjoar\/#article","isPartOf":{"@id":"https:\/\/kunder.bulta.se\/mediatrio24\/reduktionsfiske-for-friskare-sjoar\/"},"author":{"name":"Thomas Ekh","@id":"https:\/\/kunder.bulta.se\/mediatrio24\/#\/schema\/person\/0b388f9fc64f1d8833e3d340486db857"},"headline":"Reduktionsfiske \u2013 f\u00f6r friskare sj\u00f6ar","datePublished":"2021-11-25T00:00:00+00:00","dateModified":"2024-06-18T21:32:43+00:00","mainEntityOfPage":{"@id":"https:\/\/kunder.bulta.se\/mediatrio24\/reduktionsfiske-for-friskare-sjoar\/"},"wordCount":753,"publisher":{"@id":"https:\/\/kunder.bulta.se\/mediatrio24\/#organization"},"image":{"@id":"https:\/\/kunder.bulta.se\/mediatrio24\/reduktionsfiske-for-friskare-sjoar\/#primaryimage"},"thumbnailUrl":"https:\/\/kunder.bulta.se\/mediatrio24\/wp-content\/uploads\/2021\/12\/reduktionsfiske-scaled.jpg","keywords":["\u00c5tvidaberg","\u00c5tvidabergsplatsen","reduktionsfiske"],"articleSection":["\u00c5tvidaberg","\u00c5tvidabergsplatsen"],"inLanguage":"sv-SE","copyrightYear":"2021","copyrightHolder":{"@id":"https:\/\/kunder.bulta.se\/mediatrio24\/#organization"}},{"@type":"WebPage","@id":"https:\/\/kunder.bulta.se\/mediatrio24\/reduktionsfiske-for-friskare-sjoar\/","url":"https:\/\/kunder.bulta.se\/mediatrio24\/reduktionsfiske-for-friskare-sjoar\/","name":"Reduktionsfiske \u2013 f\u00f6r friskare sj\u00f6ar - MediaTrio AB | Tidningar | Fokus p\u00e5 det lokala livet","isPartOf":{"@id":"https:\/\/kunder.bulta.se\/mediatrio24\/#website"},"primaryImageOfPage":{"@id":"https:\/\/kunder.bulta.se\/mediatrio24\/reduktionsfiske-for-friskare-sjoar\/#primaryimage"},"image":{"@id":"https:\/\/kunder.bulta.se\/mediatrio24\/reduktionsfiske-for-friskare-sjoar\/#primaryimage"},"thumbnailUrl":"https:\/\/kunder.bulta.se\/mediatrio24\/wp-content\/uploads\/2021\/12\/reduktionsfiske-scaled.jpg","datePublished":"2021-11-25T00:00:00+00:00","dateModified":"2024-06-18T21:32:43+00:00","breadcrumb":{"@id":"https:\/\/kunder.bulta.se\/mediatrio24\/reduktionsfiske-for-friskare-sjoar\/#breadcrumb"},"inLanguage":"sv-SE","potentialAction":[{"@type":"ReadAction","target":["https:\/\/kunder.bulta.se\/mediatrio24\/reduktionsfiske-for-friskare-sjoar\/"]}]},{"@type":"ImageObject","inLanguage":"sv-SE","@id":"https:\/\/kunder.bulta.se\/mediatrio24\/reduktionsfiske-for-friskare-sjoar\/#primaryimage","url":"https:\/\/kunder.bulta.se\/mediatrio24\/wp-content\/uploads\/2021\/12\/reduktionsfiske-scaled.jpg","contentUrl":"https:\/\/kunder.bulta.se\/mediatrio24\/wp-content\/uploads\/2021\/12\/reduktionsfiske-scaled.jpg","width":2560,"height":1920},{"@type":"BreadcrumbList","@id":"https:\/\/kunder.bulta.se\/mediatrio24\/reduktionsfiske-for-friskare-sjoar\/#breadcrumb","itemListElement":[{"@type":"ListItem","position":1,"name":"Hem","item":"http:\/\/kunder.bulta.se\/mediatrio24\/"},{"@type":"ListItem","position":2,"name":"Reduktionsfiske \u2013 f\u00f6r friskare sj\u00f6ar"}]},{"@type":"WebSite","@id":"https:\/\/kunder.bulta.se\/mediatrio24\/#website","url":"https:\/\/kunder.bulta.se\/mediatrio24\/","name":"MediaTrio AB | Tidningar | Fokus p\u00e5 det lokala livet","description":"ValdemarsviksBladet | \u00c5tvidabergsplatsen | Gamlebyplatsen","publisher":{"@id":"https:\/\/kunder.bulta.se\/mediatrio24\/#organization"},"potentialAction":[{"@type":"SearchAction","target":{"@type":"EntryPoint","urlTemplate":"https:\/\/kunder.bulta.se\/mediatrio24\/?s={search_term_string}"},"query-input":{"@type":"PropertyValueSpecification","valueRequired":true,"valueName":"search_term_string"}}],"inLanguage":"sv-SE"},{"@type":"Organization","@id":"https:\/\/kunder.bulta.se\/mediatrio24\/#organization","name":"MediaTrio AB","url":"https:\/\/kunder.bulta.se\/mediatrio24\/","logo":{"@type":"ImageObject","inLanguage":"sv-SE","@id":"https:\/\/kunder.bulta.se\/mediatrio24\/#\/schema\/logo\/image\/","url":"https:\/\/kunder.bulta.se\/mediatrio24\/wp-content\/uploads\/2022\/08\/4BB26FAD-690D-4B82-82AC-2254E508623D.jpeg","contentUrl":"https:\/\/kunder.bulta.se\/mediatrio24\/wp-content\/uploads\/2022\/08\/4BB26FAD-690D-4B82-82AC-2254E508623D.jpeg","width":2160,"height":1232,"caption":"MediaTrio AB"},"image":{"@id":"https:\/\/kunder.bulta.se\/mediatrio24\/#\/schema\/logo\/image\/"},"sameAs":["http:\/\/www.facebook.com\/mediatrio","https:\/\/x.com\/turistcenter","http:\/\/www.facebook.com\/valdemarsviksbladet","http:\/\/www.facebook.com\/atvidabergsplatsen","http:\/\/www.facebook.com\/gamlebyplatsen","http:\/\/www.facebook.com\/valdemarsviksportalen"]},{"@type":"Person","@id":"https:\/\/kunder.bulta.se\/mediatrio24\/#\/schema\/person\/0b388f9fc64f1d8833e3d340486db857","name":"Thomas Ekh","image":{"@type":"ImageObject","inLanguage":"sv-SE","@id":"https:\/\/secure.gravatar.com\/avatar\/12675705565a6415d4efa2e35e67c2e839a7b757363a0ad4388916d0e97094d2?s=96&d=mm&r=g","url":"https:\/\/secure.gravatar.com\/avatar\/12675705565a6415d4efa2e35e67c2e839a7b757363a0ad4388916d0e97094d2?s=96&d=mm&r=g","contentUrl":"https:\/\/secure.gravatar.com\/avatar\/12675705565a6415d4efa2e35e67c2e839a7b757363a0ad4388916d0e97094d2?s=96&d=mm&r=g","caption":"Thomas Ekh"},"sameAs":["https:\/\/mediatrio.se"],"url":"https:\/\/kunder.bulta.se\/mediatrio24\/author\/thomas\/"}]}},"_links":{"self":[{"href":"https:\/\/kunder.bulta.se\/mediatrio24\/wp-json\/wp\/v2\/posts\/6770","targetHints":{"allow":["GET"]}}],"collection":[{"href":"https:\/\/kunder.bulta.se\/mediatrio24\/wp-json\/wp\/v2\/posts"}],"about":[{"href":"https:\/\/kunder.bulta.se\/mediatrio24\/wp-json\/wp\/v2\/types\/post"}],"author":[{"embeddable":true,"href":"https:\/\/kunder.bulta.se\/mediatrio24\/wp-json\/wp\/v2\/users\/3"}],"replies":[{"embeddable":true,"href":"https:\/\/kunder.bulta.se\/mediatrio24\/wp-json\/wp\/v2\/comments?post=6770"}],"version-history":[{"count":1,"href":"https:\/\/kunder.bulta.se\/mediatrio24\/wp-json\/wp\/v2\/posts\/6770\/revisions"}],"predecessor-version":[{"id":6774,"href":"https:\/\/kunder.bulta.se\/mediatrio24\/wp-json\/wp\/v2\/posts\/6770\/revisions\/6774"}],"wp:featuredmedia":[{"embeddable":true,"href":"https:\/\/kunder.bulta.se\/mediatrio24\/wp-json\/wp\/v2\/media\/6773"}],"wp:attachment":[{"href":"https:\/\/kunder.bulta.se\/mediatrio24\/wp-json\/wp\/v2\/media?parent=6770"}],"wp:term":[{"taxonomy":"category","embeddable":true,"href":"https:\/\/kunder.bulta.se\/mediatrio24\/wp-json\/wp\/v2\/categories?post=6770"},{"taxonomy":"post_tag","embeddable":true,"href":"https:\/\/kunder.bulta.se\/mediatrio24\/wp-json\/wp\/v2\/tags?post=6770"}],"curies":[{"name":"wp","href":"https:\/\/api.w.org\/{rel}","templated":true}]}}