{"id":6517,"date":"2021-10-21T17:35:14","date_gmt":"2021-10-21T15:35:14","guid":{"rendered":"https:\/\/mediatrio.se\/?p=6517"},"modified":"2024-06-18T23:36:16","modified_gmt":"2024-06-18T21:36:16","slug":"bio-consulting-stall-solkatten-finner-balans-i-vardagen","status":"publish","type":"post","link":"https:\/\/kunder.bulta.se\/mediatrio24\/bio-consulting-stall-solkatten-finner-balans-i-vardagen\/","title":{"rendered":"Bio Consulting\/Stall Solkatten \u2013 Finner balans i vardagen"},"content":{"rendered":"<div class=\"media-innan-artikeltexten media-entity-placement\" id=\"media-3755960061\"><div id=\"exempelannons\" class=\"exempelannons\" style=\"margin-left: auto;margin-right: auto;text-align: center;\"><a href=\"https:\/\/google.se\" aria-label=\"ad_placeholder\"><img loading=\"lazy\" decoding=\"async\" src=\"https:\/\/kunder.bulta.se\/mediatrio24\/wp-content\/uploads\/2024\/06\/ad_placeholder-e1725346111228.png\" alt=\"\"  srcset=\"https:\/\/kunder.bulta.se\/mediatrio24\/wp-content\/uploads\/2024\/06\/ad_placeholder-e1725346111228.png 1692w, https:\/\/kunder.bulta.se\/mediatrio24\/wp-content\/uploads\/2024\/06\/ad_placeholder-e1725346111228-300x133.png 300w, https:\/\/kunder.bulta.se\/mediatrio24\/wp-content\/uploads\/2024\/06\/ad_placeholder-e1725346111228-1024x455.png 1024w, https:\/\/kunder.bulta.se\/mediatrio24\/wp-content\/uploads\/2024\/06\/ad_placeholder-e1725346111228-768x341.png 768w, https:\/\/kunder.bulta.se\/mediatrio24\/wp-content\/uploads\/2024\/06\/ad_placeholder-e1725346111228-1536x683.png 1536w, https:\/\/kunder.bulta.se\/mediatrio24\/wp-content\/uploads\/2024\/06\/ad_placeholder-e1725346111228-1080x480.png 1080w\" sizes=\"(max-width: 1692px) 100vw, 1692px\" width=\"1692\" height=\"872\"  style=\"display: inline-block;\" \/><\/a><\/div><\/div>\n<p><em>Text och foto: Alfred EV<\/em><br><strong>Namn:&nbsp;<\/strong>Susanne och Mats Sol\u00f6nhaf<br><strong>V\u00e4xte upp i:<\/strong>  Norrk\u00f6ping och p\u00e5 Vikbolandet <br><strong>Bor nu i:&nbsp;<\/strong>Lilla B\u00e4ckerm\u00e5la, Gryt<\/p>\n\n\n\n<p>Jag m\u00f6ter Susanne och Mats p\u00e5 g\u00e5rdsplanen p\u00e5 deras g\u00e5rd, d\u00e4r \u00e4r full verksamhet ig\u00e5ng inf\u00f6r kv\u00e4llens travt\u00e4vlingar p\u00e5 Mantorp som de ska delta i.<br><br>Susanne har jobbat som florist, med naglar via Bio Sculpture och de har l\u00e4nge varit familjehem. Mats har jobbat hela sitt liv inom byggbranschen. De bodde p\u00e5 M\u00e5lsl\u00e4tten, Vikbolandet, i 21 \u00e5r men 2007 ville de bo vid havet s\u00e5 de flyttade till Kaggebo. D\u00e4r tr\u00e4ffade de Susanne Jansson och blev h\u00e4stbitna. Eftersom de ville ha en hobby tillsammans s\u00e5 fick det bli h\u00e4star trots att de aldrig hade varit h\u00e4stm\u00e4nniskor tidigare. Under tiden de bodde i Kaggebo k\u00f6pte de tre fastigheter i Valdemarsvik som de renoverade. De bodde \u00e4ven i ett av husen ett tag men sedan b\u00f6rjade de leta nytt boende och hittade den lilla h\u00e4stg\u00e5rden Lilla B\u00e4ckerm\u00e5la som ligger n\u00e5gra kilometer utanf\u00f6r Gryt.<br><br>De har Conny Larsson som tr\u00e4nare till deras h\u00e4star. Anders S\u00f6derstr\u00f6m och Christoffer Andersson \u00e4r ibland med och tr\u00e4nar h\u00e4starna p\u00e5 hemmaplan n\u00e4r f\u00f6rst\u00e4rkning beh\u00f6vs. Just nu har de andelsh\u00e4star p\u00e5 deras egna uppf\u00f6dningar som vem som helst kan k\u00f6pa in sig i. P\u00e5 g\u00e5rden har de afrikanska dv\u00e4rgsgetter och h\u00f6ns. De har ocks\u00e5 uthyrning av en stuga som ligger p\u00e5 tomten. N\u00e5got som hj\u00e4lpt dem mycket i sin verksamhet \u00e4r Vreta kluster, ett projekt d\u00e4r de hyr in arbetskraft av personer som \u00e4r f\u00f6dda utomlands. Nu har de en kille fr\u00e5n Eritrea som hj\u00e4lper dem p\u00e5 g\u00e5rden i och med det projektet som fungerar v\u00e4ldigt bra!<br>Mats jobbar \u00e4ven i byggbranschen och de tar bland annat emot best\u00e4llningar p\u00e5 svensktillverkade f\u00f6nster och monterar g\u00e4rna dessa.<br><br>Framtiden f\u00f6r dem b\u00e5da \u00e4r att forts\u00e4tta kunna se hela utvecklingen fr\u00e5n f\u00f6l uppf\u00f6dd p\u00e5 g\u00e5rden till en vinnare p\u00e5 banan och Mats ska ta B-licens som kusk i travet. De k\u00e4nner inte att de m\u00e5ste ut\u00f6ka sin verksamhet utan vill \u00f6ka kvaliteten p\u00e5 den befintliga verksamheten.<br><br>F\u00f6r att utveckla kommunen s\u00e5 beh\u00f6ver vi samverka mer mellan inv\u00e5nare och f\u00f6retag, men \u00e4ven att v\u00e5ga testa dr\u00f6mmar man har. Susanne och Mats tror att i framtiden kommer fokus vara mycket p\u00e5 egen odling och sj\u00e4lvplock av det odlade. Men \u00e4ven att utveckla bes\u00f6ksn\u00e4ringen till sk\u00e4rg\u00e5rden och de ser g\u00e4rna en restaurang eller snabbmatskedja ute vid E22-infarten vid Mossebo.<br><br>Av 2021 \u00f6nskar de sig balans i livet, b\u00e5de tid \u00f6ver f\u00f6r att g\u00f6ra saker och f\u00f6r att vila samt framg\u00e5ng med djuren.<\/p><div class=\"media-i-artikeltexten media-entity-placement\" id=\"media-2140770406\"><div id=\"exempelannons\" class=\"exempelannons\" style=\"margin-left: auto;margin-right: auto;text-align: center;\"><a href=\"https:\/\/google.se\" aria-label=\"ad_placeholder\"><img loading=\"lazy\" decoding=\"async\" src=\"https:\/\/kunder.bulta.se\/mediatrio24\/wp-content\/uploads\/2024\/06\/ad_placeholder-e1725346111228.png\" alt=\"\"  srcset=\"https:\/\/kunder.bulta.se\/mediatrio24\/wp-content\/uploads\/2024\/06\/ad_placeholder-e1725346111228.png 1692w, https:\/\/kunder.bulta.se\/mediatrio24\/wp-content\/uploads\/2024\/06\/ad_placeholder-e1725346111228-300x133.png 300w, https:\/\/kunder.bulta.se\/mediatrio24\/wp-content\/uploads\/2024\/06\/ad_placeholder-e1725346111228-1024x455.png 1024w, https:\/\/kunder.bulta.se\/mediatrio24\/wp-content\/uploads\/2024\/06\/ad_placeholder-e1725346111228-768x341.png 768w, https:\/\/kunder.bulta.se\/mediatrio24\/wp-content\/uploads\/2024\/06\/ad_placeholder-e1725346111228-1536x683.png 1536w, https:\/\/kunder.bulta.se\/mediatrio24\/wp-content\/uploads\/2024\/06\/ad_placeholder-e1725346111228-1080x480.png 1080w\" sizes=\"(max-width: 1692px) 100vw, 1692px\" width=\"1692\" height=\"872\"  style=\"display: inline-block;\" \/><\/a><\/div><\/div>\n\n\n\n<p><strong>Framtid: <\/strong>Satsning p\u00e5 trav, vidareutveckla g\u00e5rden.<br><strong>F\u00f6r att n\u00e5 sina m\u00e5l:<\/strong> Arbeta h\u00e5rt, vara noggrann och v\u00e4rna om djuren eftersom de ger tillbaka s\u00e5 mycket och att f\u00f6rs\u00f6ka se hela bilden g\u00e4llande det man sysslar med.<br><strong>Att ha f\u00f6retag i ett litet samh\u00e4lle:<\/strong> Det \u00e4r kul att ha s\u00e5 bra kunder och de flesta finns i n\u00e4rheten och deras h\u00f6gsta prioritet \u00e4r att ha kundernas f\u00f6rtroende. De har haft stor hj\u00e4lp av banken i kommunen som vill bygdens b\u00e4sta.<br><strong>Smultronst\u00e4lle i kommunen:<\/strong> Fyrudden och sk\u00e4rg\u00e5rden.<br><strong>Blir inspirerad av:<\/strong> Naturen, djuren och det man f\u00e5r tillbaka av dem och det \u00e4r kul med framg\u00e5ng med h\u00e4starna.<br><strong>Kontakt:<\/strong><br>Telefonnr: 070-968 58 08 och 070-589 09 39<br>Facebook: Bio Consulting AB Stall Solkatten<br>Mail: info@bioconsultingab.se<\/p>\n\n\n\n<figure class=\"wp-block-image size-large\"><img loading=\"lazy\" decoding=\"async\" width=\"1024\" height=\"684\" src=\"https:\/\/kunder.bulta.se\/mediatrio24\/wp-content\/uploads\/2021\/10\/Bio-consult_2-1024x684.jpg\" alt=\"\" class=\"wp-image-6520\" srcset=\"https:\/\/kunder.bulta.se\/mediatrio24\/wp-content\/uploads\/2021\/10\/Bio-consult_2-1024x684.jpg 1024w, https:\/\/kunder.bulta.se\/mediatrio24\/wp-content\/uploads\/2021\/10\/Bio-consult_2-300x200.jpg 300w, https:\/\/kunder.bulta.se\/mediatrio24\/wp-content\/uploads\/2021\/10\/Bio-consult_2-768x513.jpg 768w, https:\/\/kunder.bulta.se\/mediatrio24\/wp-content\/uploads\/2021\/10\/Bio-consult_2-1536x1025.jpg 1536w, https:\/\/kunder.bulta.se\/mediatrio24\/wp-content\/uploads\/2021\/10\/Bio-consult_2-2048x1367.jpg 2048w\" sizes=\"auto, (max-width: 1024px) 100vw, 1024px\" \/><\/figure>\n<div class=\"media-efter-artikeltexten media-entity-placement\" id=\"media-1775221428\"><div id=\"exempelannons\" class=\"exempelannons\" style=\"margin-left: auto;margin-right: auto;text-align: center;\"><a href=\"https:\/\/google.se\" aria-label=\"ad_placeholder\"><img loading=\"lazy\" decoding=\"async\" src=\"https:\/\/kunder.bulta.se\/mediatrio24\/wp-content\/uploads\/2024\/06\/ad_placeholder-e1725346111228.png\" alt=\"\"  srcset=\"https:\/\/kunder.bulta.se\/mediatrio24\/wp-content\/uploads\/2024\/06\/ad_placeholder-e1725346111228.png 1692w, https:\/\/kunder.bulta.se\/mediatrio24\/wp-content\/uploads\/2024\/06\/ad_placeholder-e1725346111228-300x133.png 300w, https:\/\/kunder.bulta.se\/mediatrio24\/wp-content\/uploads\/2024\/06\/ad_placeholder-e1725346111228-1024x455.png 1024w, https:\/\/kunder.bulta.se\/mediatrio24\/wp-content\/uploads\/2024\/06\/ad_placeholder-e1725346111228-768x341.png 768w, https:\/\/kunder.bulta.se\/mediatrio24\/wp-content\/uploads\/2024\/06\/ad_placeholder-e1725346111228-1536x683.png 1536w, https:\/\/kunder.bulta.se\/mediatrio24\/wp-content\/uploads\/2024\/06\/ad_placeholder-e1725346111228-1080x480.png 1080w\" sizes=\"(max-width: 1692px) 100vw, 1692px\" width=\"1692\" height=\"872\"  style=\"display: inline-block;\" \/><\/a><\/div><\/div>","protected":false},"excerpt":{"rendered":"<p>Text och foto: Alfred EVNamn:&nbsp;Susanne och Mats Sol\u00f6nhafV\u00e4xte upp i: Norrk\u00f6ping och p\u00e5 Vikbolandet Bor nu i:&nbsp;Lilla B\u00e4ckerm\u00e5la, Gryt Jag m\u00f6ter Susanne och Mats p\u00e5 g\u00e5rdsplanen p\u00e5 deras g\u00e5rd, d\u00e4r \u00e4r full verksamhet ig\u00e5ng inf\u00f6r kv\u00e4llens travt\u00e4vlingar p\u00e5 Mantorp som de ska delta i. Susanne har jobbat som florist, med naglar via Bio Sculpture och [&hellip;]<\/p>\n","protected":false},"author":3,"featured_media":6519,"comment_status":"closed","ping_status":"closed","sticky":false,"template":"","format":"standard","meta":{"_et_pb_use_builder":"","_et_pb_old_content":"","_et_gb_content_width":"","_exactmetrics_skip_tracking":false,"_exactmetrics_sitenote_active":false,"_exactmetrics_sitenote_note":"","_exactmetrics_sitenote_category":0,"_monsterinsights_skip_tracking":false,"_monsterinsights_sitenote_active":false,"_monsterinsights_sitenote_note":"","_monsterinsights_sitenote_category":0,"footnotes":""},"categories":[5244,762],"tags":[760,761,354,357],"class_list":["post-6517","post","type-post","status-publish","format-standard","has-post-thumbnail","hentry","category-valdemarsvik-artiklar","category-valdemarsviksbladet","tag-bioconsulting","tag-stallsolkatten","tag-valdemarsvik","tag-valdemarsviksbladet"],"yoast_head":"<!-- This site is optimized with the Yoast SEO Premium plugin v21.8 (Yoast SEO v27.3) - https:\/\/yoast.com\/product\/yoast-seo-premium-wordpress\/ -->\n<title>Bio Consulting\/Stall Solkatten \u2013 Finner balans i vardagen - MediaTrio AB | Tidningar | Fokus p\u00e5 det lokala livet<\/title>\n<meta name=\"robots\" content=\"noindex, follow, max-snippet:-1, max-image-preview:large, max-video-preview:-1\" \/>\n<meta property=\"og:locale\" content=\"sv_SE\" \/>\n<meta property=\"og:type\" content=\"article\" \/>\n<meta property=\"og:title\" content=\"Bio Consulting\/Stall Solkatten \u2013 Finner balans i vardagen\" \/>\n<meta property=\"og:description\" content=\"Text och foto: Alfred EVNamn:&nbsp;Susanne och Mats Sol\u00f6nhafV\u00e4xte upp i: Norrk\u00f6ping och p\u00e5 Vikbolandet Bor nu i:&nbsp;Lilla B\u00e4ckerm\u00e5la, Gryt Jag m\u00f6ter Susanne och Mats p\u00e5 g\u00e5rdsplanen p\u00e5 deras g\u00e5rd, d\u00e4r \u00e4r full verksamhet ig\u00e5ng inf\u00f6r kv\u00e4llens travt\u00e4vlingar p\u00e5 Mantorp som de ska delta i. Susanne har jobbat som florist, med naglar via Bio Sculpture och [&hellip;]\" \/>\n<meta property=\"og:url\" content=\"https:\/\/kunder.bulta.se\/mediatrio24\/bio-consulting-stall-solkatten-finner-balans-i-vardagen\/\" \/>\n<meta property=\"og:site_name\" content=\"MediaTrio AB | Tidningar | Fokus p\u00e5 det lokala livet\" \/>\n<meta property=\"article:publisher\" content=\"http:\/\/www.facebook.com\/mediatrio\" \/>\n<meta property=\"article:published_time\" content=\"2021-10-21T15:35:14+00:00\" \/>\n<meta property=\"article:modified_time\" content=\"2024-06-18T21:36:16+00:00\" \/>\n<meta property=\"og:image\" content=\"https:\/\/kunder.bulta.se\/mediatrio24\/wp-content\/uploads\/2021\/10\/Bio-consult_1-scaled.jpg\" \/>\n\t<meta property=\"og:image:width\" content=\"2560\" \/>\n\t<meta property=\"og:image:height\" content=\"1709\" \/>\n\t<meta property=\"og:image:type\" content=\"image\/jpeg\" \/>\n<meta name=\"author\" content=\"Thomas Ekh\" \/>\n<meta name=\"twitter:card\" content=\"summary_large_image\" \/>\n<meta name=\"twitter:creator\" content=\"@turistcenter\" \/>\n<meta name=\"twitter:site\" content=\"@turistcenter\" \/>\n<meta name=\"twitter:label1\" content=\"Skriven av\" \/>\n\t<meta name=\"twitter:data1\" content=\"Thomas Ekh\" \/>\n\t<meta name=\"twitter:label2\" content=\"Ber\u00e4knad l\u00e4stid\" \/>\n\t<meta name=\"twitter:data2\" content=\"3 minuter\" \/>\n<!-- \/ Yoast SEO Premium plugin. -->","yoast_head_json":{"title":"Bio Consulting\/Stall Solkatten \u2013 Finner balans i vardagen - MediaTrio AB | Tidningar | Fokus p\u00e5 det lokala livet","robots":{"index":"noindex","follow":"follow","max-snippet":"max-snippet:-1","max-image-preview":"max-image-preview:large","max-video-preview":"max-video-preview:-1"},"og_locale":"sv_SE","og_type":"article","og_title":"Bio Consulting\/Stall Solkatten \u2013 Finner balans i vardagen","og_description":"Text och foto: Alfred EVNamn:&nbsp;Susanne och Mats Sol\u00f6nhafV\u00e4xte upp i: Norrk\u00f6ping och p\u00e5 Vikbolandet Bor nu i:&nbsp;Lilla B\u00e4ckerm\u00e5la, Gryt Jag m\u00f6ter Susanne och Mats p\u00e5 g\u00e5rdsplanen p\u00e5 deras g\u00e5rd, d\u00e4r \u00e4r full verksamhet ig\u00e5ng inf\u00f6r kv\u00e4llens travt\u00e4vlingar p\u00e5 Mantorp som de ska delta i. Susanne har jobbat som florist, med naglar via Bio Sculpture och [&hellip;]","og_url":"https:\/\/kunder.bulta.se\/mediatrio24\/bio-consulting-stall-solkatten-finner-balans-i-vardagen\/","og_site_name":"MediaTrio AB | Tidningar | Fokus p\u00e5 det lokala livet","article_publisher":"http:\/\/www.facebook.com\/mediatrio","article_published_time":"2021-10-21T15:35:14+00:00","article_modified_time":"2024-06-18T21:36:16+00:00","og_image":[{"width":2560,"height":1709,"url":"https:\/\/kunder.bulta.se\/mediatrio24\/wp-content\/uploads\/2021\/10\/Bio-consult_1-scaled.jpg","type":"image\/jpeg"}],"author":"Thomas Ekh","twitter_card":"summary_large_image","twitter_creator":"@turistcenter","twitter_site":"@turistcenter","twitter_misc":{"Skriven av":"Thomas Ekh","Ber\u00e4knad l\u00e4stid":"3 minuter"},"schema":{"@context":"https:\/\/schema.org","@graph":[{"@type":"Article","@id":"https:\/\/kunder.bulta.se\/mediatrio24\/bio-consulting-stall-solkatten-finner-balans-i-vardagen\/#article","isPartOf":{"@id":"https:\/\/kunder.bulta.se\/mediatrio24\/bio-consulting-stall-solkatten-finner-balans-i-vardagen\/"},"author":{"name":"Thomas Ekh","@id":"https:\/\/kunder.bulta.se\/mediatrio24\/#\/schema\/person\/0b388f9fc64f1d8833e3d340486db857"},"headline":"Bio Consulting\/Stall Solkatten \u2013 Finner balans i vardagen","datePublished":"2021-10-21T15:35:14+00:00","dateModified":"2024-06-18T21:36:16+00:00","mainEntityOfPage":{"@id":"https:\/\/kunder.bulta.se\/mediatrio24\/bio-consulting-stall-solkatten-finner-balans-i-vardagen\/"},"wordCount":652,"publisher":{"@id":"https:\/\/kunder.bulta.se\/mediatrio24\/#organization"},"image":{"@id":"https:\/\/kunder.bulta.se\/mediatrio24\/bio-consulting-stall-solkatten-finner-balans-i-vardagen\/#primaryimage"},"thumbnailUrl":"https:\/\/kunder.bulta.se\/mediatrio24\/wp-content\/uploads\/2021\/10\/Bio-consult_1-scaled.jpg","keywords":["BioConsulting","StallSolkatten","Valdemarsvik","valdemarsviksbladet"],"articleSection":["Valdemarsvik","ValdemarsviksBladet"],"inLanguage":"sv-SE","copyrightYear":"2021","copyrightHolder":{"@id":"https:\/\/kunder.bulta.se\/mediatrio24\/#organization"}},{"@type":"WebPage","@id":"https:\/\/kunder.bulta.se\/mediatrio24\/bio-consulting-stall-solkatten-finner-balans-i-vardagen\/","url":"https:\/\/kunder.bulta.se\/mediatrio24\/bio-consulting-stall-solkatten-finner-balans-i-vardagen\/","name":"Bio Consulting\/Stall Solkatten \u2013 Finner balans i vardagen - MediaTrio AB | Tidningar | Fokus p\u00e5 det lokala livet","isPartOf":{"@id":"https:\/\/kunder.bulta.se\/mediatrio24\/#website"},"primaryImageOfPage":{"@id":"https:\/\/kunder.bulta.se\/mediatrio24\/bio-consulting-stall-solkatten-finner-balans-i-vardagen\/#primaryimage"},"image":{"@id":"https:\/\/kunder.bulta.se\/mediatrio24\/bio-consulting-stall-solkatten-finner-balans-i-vardagen\/#primaryimage"},"thumbnailUrl":"https:\/\/kunder.bulta.se\/mediatrio24\/wp-content\/uploads\/2021\/10\/Bio-consult_1-scaled.jpg","datePublished":"2021-10-21T15:35:14+00:00","dateModified":"2024-06-18T21:36:16+00:00","breadcrumb":{"@id":"https:\/\/kunder.bulta.se\/mediatrio24\/bio-consulting-stall-solkatten-finner-balans-i-vardagen\/#breadcrumb"},"inLanguage":"sv-SE","potentialAction":[{"@type":"ReadAction","target":["https:\/\/kunder.bulta.se\/mediatrio24\/bio-consulting-stall-solkatten-finner-balans-i-vardagen\/"]}]},{"@type":"ImageObject","inLanguage":"sv-SE","@id":"https:\/\/kunder.bulta.se\/mediatrio24\/bio-consulting-stall-solkatten-finner-balans-i-vardagen\/#primaryimage","url":"https:\/\/kunder.bulta.se\/mediatrio24\/wp-content\/uploads\/2021\/10\/Bio-consult_1-scaled.jpg","contentUrl":"https:\/\/kunder.bulta.se\/mediatrio24\/wp-content\/uploads\/2021\/10\/Bio-consult_1-scaled.jpg","width":2560,"height":1709},{"@type":"BreadcrumbList","@id":"https:\/\/kunder.bulta.se\/mediatrio24\/bio-consulting-stall-solkatten-finner-balans-i-vardagen\/#breadcrumb","itemListElement":[{"@type":"ListItem","position":1,"name":"Hem","item":"http:\/\/kunder.bulta.se\/mediatrio24\/"},{"@type":"ListItem","position":2,"name":"Bio Consulting\/Stall Solkatten \u2013 Finner balans i vardagen"}]},{"@type":"WebSite","@id":"https:\/\/kunder.bulta.se\/mediatrio24\/#website","url":"https:\/\/kunder.bulta.se\/mediatrio24\/","name":"MediaTrio AB | Tidningar | Fokus p\u00e5 det lokala livet","description":"ValdemarsviksBladet | \u00c5tvidabergsplatsen | Gamlebyplatsen","publisher":{"@id":"https:\/\/kunder.bulta.se\/mediatrio24\/#organization"},"potentialAction":[{"@type":"SearchAction","target":{"@type":"EntryPoint","urlTemplate":"https:\/\/kunder.bulta.se\/mediatrio24\/?s={search_term_string}"},"query-input":{"@type":"PropertyValueSpecification","valueRequired":true,"valueName":"search_term_string"}}],"inLanguage":"sv-SE"},{"@type":"Organization","@id":"https:\/\/kunder.bulta.se\/mediatrio24\/#organization","name":"MediaTrio AB","url":"https:\/\/kunder.bulta.se\/mediatrio24\/","logo":{"@type":"ImageObject","inLanguage":"sv-SE","@id":"https:\/\/kunder.bulta.se\/mediatrio24\/#\/schema\/logo\/image\/","url":"https:\/\/kunder.bulta.se\/mediatrio24\/wp-content\/uploads\/2022\/08\/4BB26FAD-690D-4B82-82AC-2254E508623D.jpeg","contentUrl":"https:\/\/kunder.bulta.se\/mediatrio24\/wp-content\/uploads\/2022\/08\/4BB26FAD-690D-4B82-82AC-2254E508623D.jpeg","width":2160,"height":1232,"caption":"MediaTrio AB"},"image":{"@id":"https:\/\/kunder.bulta.se\/mediatrio24\/#\/schema\/logo\/image\/"},"sameAs":["http:\/\/www.facebook.com\/mediatrio","https:\/\/x.com\/turistcenter","http:\/\/www.facebook.com\/valdemarsviksbladet","http:\/\/www.facebook.com\/atvidabergsplatsen","http:\/\/www.facebook.com\/gamlebyplatsen","http:\/\/www.facebook.com\/valdemarsviksportalen"]},{"@type":"Person","@id":"https:\/\/kunder.bulta.se\/mediatrio24\/#\/schema\/person\/0b388f9fc64f1d8833e3d340486db857","name":"Thomas Ekh","image":{"@type":"ImageObject","inLanguage":"sv-SE","@id":"https:\/\/secure.gravatar.com\/avatar\/12675705565a6415d4efa2e35e67c2e839a7b757363a0ad4388916d0e97094d2?s=96&d=mm&r=g","url":"https:\/\/secure.gravatar.com\/avatar\/12675705565a6415d4efa2e35e67c2e839a7b757363a0ad4388916d0e97094d2?s=96&d=mm&r=g","contentUrl":"https:\/\/secure.gravatar.com\/avatar\/12675705565a6415d4efa2e35e67c2e839a7b757363a0ad4388916d0e97094d2?s=96&d=mm&r=g","caption":"Thomas Ekh"},"sameAs":["https:\/\/mediatrio.se"],"url":"https:\/\/kunder.bulta.se\/mediatrio24\/author\/thomas\/"}]}},"_links":{"self":[{"href":"https:\/\/kunder.bulta.se\/mediatrio24\/wp-json\/wp\/v2\/posts\/6517","targetHints":{"allow":["GET"]}}],"collection":[{"href":"https:\/\/kunder.bulta.se\/mediatrio24\/wp-json\/wp\/v2\/posts"}],"about":[{"href":"https:\/\/kunder.bulta.se\/mediatrio24\/wp-json\/wp\/v2\/types\/post"}],"author":[{"embeddable":true,"href":"https:\/\/kunder.bulta.se\/mediatrio24\/wp-json\/wp\/v2\/users\/3"}],"replies":[{"embeddable":true,"href":"https:\/\/kunder.bulta.se\/mediatrio24\/wp-json\/wp\/v2\/comments?post=6517"}],"version-history":[{"count":2,"href":"https:\/\/kunder.bulta.se\/mediatrio24\/wp-json\/wp\/v2\/posts\/6517\/revisions"}],"predecessor-version":[{"id":6523,"href":"https:\/\/kunder.bulta.se\/mediatrio24\/wp-json\/wp\/v2\/posts\/6517\/revisions\/6523"}],"wp:featuredmedia":[{"embeddable":true,"href":"https:\/\/kunder.bulta.se\/mediatrio24\/wp-json\/wp\/v2\/media\/6519"}],"wp:attachment":[{"href":"https:\/\/kunder.bulta.se\/mediatrio24\/wp-json\/wp\/v2\/media?parent=6517"}],"wp:term":[{"taxonomy":"category","embeddable":true,"href":"https:\/\/kunder.bulta.se\/mediatrio24\/wp-json\/wp\/v2\/categories?post=6517"},{"taxonomy":"post_tag","embeddable":true,"href":"https:\/\/kunder.bulta.se\/mediatrio24\/wp-json\/wp\/v2\/tags?post=6517"}],"curies":[{"name":"wp","href":"https:\/\/api.w.org\/{rel}","templated":true}]}}